{"id":505,"date":"2020-03-19T15:14:30","date_gmt":"2020-03-19T14:14:30","guid":{"rendered":"https:\/\/camping-belair-sallertaine.com\/?p=505"},"modified":"2020-03-19T15:14:30","modified_gmt":"2020-03-19T14:14:30","slug":"coronavirus-covid19","status":"publish","type":"post","link":"https:\/\/camping-belair-sallertaine.com\/coronavirus-covid19\/","title":{"rendered":"D\u00e9calage date d\u2019ouverture"},"content":{"rendered":"<p>Suite \u00e0 l\u2019arr\u00eat\u00e9 du 15 mars 2020 qui interdit jusqu\u2019au 15 avril 2020 d\u2019accueillir du public dans les terrains de camping et parcs pour caravanes ou v\u00e9hicules de loisirs.<br \/>\nLe <a href=\"https:\/\/camping-belair-sallertaine.com\/\">Camping Bel Air Holiday Park<\/a> de Sallertaine n\u2019ouvrira donc pas comme pr\u00e9vu le 27 mars, nous serons heureux de vous accueillir \u00e0 partir du 16 avril pour un s\u00e9jour de d\u00e9tente en Vend\u00e9e apr\u00e8s cette p\u00e9riode difficile.<br \/>\nEntre temps et pour que cette p\u00e9riode de confinement ne dure pas plus longtemps, respectons les gestes de protections au COVID 19.<\/p>\n","protected":false},"excerpt":{"rendered":"<p>Suite \u00e0 l\u2019arr\u00eat\u00e9 du 15 mars 2020 qui interdit jusqu\u2019au 15 avril 2020 d\u2019accueillir du public dans les terrains de camping et parcs pour caravanes ou v\u00e9hicules de loisirs. Le Camping Bel Air Holiday Park de Sallertaine n\u2019ouvrira donc pas comme pr\u00e9vu le 27 mars, nous serons heureux de vous accueillir \u00e0 partir du 16 [&hellip;]<\/p>\n","protected":false},"author":1,"featured_media":509,"comment_status":"closed","ping_status":"closed","sticky":false,"template":"","format":"standard","meta":{"_et_pb_use_builder":"","_et_pb_old_content":"","_et_gb_content_width":"","footnotes":""},"categories":[1],"tags":[],"class_list":["post-505","post","type-post","status-publish","format-standard","has-post-thumbnail","hentry","category-non-classifiee"],"_links":{"self":[{"href":"https:\/\/camping-belair-sallertaine.com\/api\/wp\/v2\/posts\/505","targetHints":{"allow":["GET"]}}],"collection":[{"href":"https:\/\/camping-belair-sallertaine.com\/api\/wp\/v2\/posts"}],"about":[{"href":"https:\/\/camping-belair-sallertaine.com\/api\/wp\/v2\/types\/post"}],"author":[{"embeddable":true,"href":"https:\/\/camping-belair-sallertaine.com\/api\/wp\/v2\/users\/1"}],"replies":[{"embeddable":true,"href":"https:\/\/camping-belair-sallertaine.com\/api\/wp\/v2\/comments?post=505"}],"version-history":[{"count":1,"href":"https:\/\/camping-belair-sallertaine.com\/api\/wp\/v2\/posts\/505\/revisions"}],"predecessor-version":[{"id":511,"href":"https:\/\/camping-belair-sallertaine.com\/api\/wp\/v2\/posts\/505\/revisions\/511"}],"wp:featuredmedia":[{"embeddable":true,"href":"https:\/\/camping-belair-sallertaine.com\/api\/wp\/v2\/media\/509"}],"wp:attachment":[{"href":"https:\/\/camping-belair-sallertaine.com\/api\/wp\/v2\/media?parent=505"}],"wp:term":[{"taxonomy":"category","embeddable":true,"href":"https:\/\/camping-belair-sallertaine.com\/api\/wp\/v2\/categories?post=505"},{"taxonomy":"post_tag","embeddable":true,"href":"https:\/\/camping-belair-sallertaine.com\/api\/wp\/v2\/tags?post=505"}],"curies":[{"name":"wp","href":"https:\/\/api.w.org\/{rel}","templated":true}]}}